{"id":10209,"date":"2024-11-22T07:49:06","date_gmt":"2024-11-22T06:49:06","guid":{"rendered":"https:\/\/www.otp.ch\/?p=10209"},"modified":"2024-11-22T10:26:02","modified_gmt":"2024-11-22T09:26:02","slug":"outplacement-poste-de-mes-reves","status":"publish","type":"post","link":"https:\/\/www.otp.ch\/fr\/outplacement-poste-de-mes-reves\/","title":{"rendered":"Outplacement : gr\u00e2ce \u00e0 OTP, j&rsquo;ai trouv\u00e9 le poste de mes r\u00eaves au Qatar"},"content":{"rendered":"<p><span style=\"font-weight: 400;\">Apr\u00e8s plus de dix ans d&rsquo;activit\u00e9 en tant que directeur marketing dans une entreprise mondiale de renom, le poste de notre coach\u00e9 a \u00e9t\u00e9 victime de restructurations. Le licenciement l&rsquo;a pris totalement au d\u00e9pourvu.<\/span><\/p>\n<p><!--more--><\/p>\n<p><span style=\"font-weight: 400;\">Comment s&rsquo;est d\u00e9roul\u00e9e la suite ? Lisez comment il d\u00e9crit ce processus jusqu&rsquo;\u00e0 l&rsquo;obtention du poste de ses r\u00eaves :<\/span><\/p>\n<p><span style=\"font-weight: 400;\">\u00ab Lorsque, apr\u00e8s avoir longtemps travaill\u00e9 dans la m\u00eame entreprise, j&rsquo;ai soudain \u00e9t\u00e9 confront\u00e9 au d\u00e9fi de me r\u00e9orienter professionnellement, l&rsquo;incertitude \u00e9tait grande. La situation du march\u00e9 du travail en Suisse \u00e9tait difficile, la concurrence \u00e9lev\u00e9e et je me sentais d\u00e9pass\u00e9 et seul face \u00e0 la dynamique du march\u00e9 du travail. Dans cette p\u00e9riode difficile, j&rsquo;ai d\u00e9cid\u00e9 de recourir au programme d&rsquo;outplacement de l&rsquo;OTP propos\u00e9 par mon employeur, et ce fut l&rsquo;une des meilleures d\u00e9cisions de ma carri\u00e8re.<\/span><\/p>\n<h2><b>Mes d\u00e9fis \u00e0 l&rsquo;\u00e9poque<\/b><\/h2>\n<p><span style=\"font-weight: 400;\">Le licenciement m&rsquo;a fait beaucoup douter de moi. Je me demandais si j&rsquo;\u00e9tais capable de trouver un nouvel emploi et dans quelle mesure mes comp\u00e9tences \u00e9taient demand\u00e9es. Cette incertitude me pesait \u00e9motionnellement et me freinait dans ma recherche active de nouvelles opportunit\u00e9s.<\/span><\/p>\n<p><span style=\"font-weight: 400;\">Je n&rsquo;\u00e9tais pas s\u00fbr des tendances actuelles, de la num\u00e9risation et des exigences envers les candidats. Mon secteur avait beaucoup \u00e9volu\u00e9 ces derni\u00e8res ann\u00e9es et j&rsquo;avais du mal \u00e0 obtenir les bonnes informations pour cibler les postes \u00e0 pourvoir.<\/span><\/p>\n<p><span style=\"font-weight: 400;\">La r\u00e9daction d&rsquo;un CV convaincant et la pr\u00e9paration aux entretiens d&#8217;embauche constituaient pour moi un d\u00e9fi de taille. Je n&rsquo;avais pas \u00e9t\u00e9 activement \u00e0 la recherche d&rsquo;un emploi depuis longtemps et je ne savais pas comment pr\u00e9senter mon exp\u00e9rience et mes comp\u00e9tences de mani\u00e8re concise et convaincante.<\/span><\/p>\n<p><span style=\"font-weight: 400;\">J&rsquo;avais n\u00e9glig\u00e9 mon r\u00e9seau professionnel. Je savais que le r\u00e9seautage \u00e9tait important pour la recherche d&rsquo;un emploi, mais je ne me sentais pas \u00e0 l&rsquo;aise pour r\u00e9tablir d&rsquo;anciens contacts ou en cr\u00e9er de nouveaux.<\/span><\/p>\n<h2><b>Des solutions gr\u00e2ce \u00e0 l&rsquo;outplacement OTP<\/b><\/h2>\n<p><span style=\"font-weight: 400;\">Gr\u00e2ce \u00e0 mon coach d&rsquo;outplacement, j&rsquo;ai pu relever ces d\u00e9fis avec succ\u00e8s dans le cadre du programme adapt\u00e9 \u00e0 mes besoins. L&rsquo;approche structur\u00e9e dans le bilan de comp\u00e9tences et le soutien pragmatique dans la recherche d&#8217;emploi m&rsquo;ont aid\u00e9 \u00e0 couper les vieilles ficelles, \u00e0 voir ma situation sous d&rsquo;autres perspectives et \u00e0 prendre des mesures cibl\u00e9es dans une nouvelle direction pour moi.<\/span><\/p>\n<h2><b>Renforcer la confiance en soi<\/b><\/h2>\n<p><span style=\"font-weight: 400;\">Mon coach m&rsquo;a aid\u00e9 \u00e0 identifier mes r\u00e9ussites et mes points forts, ce qui a consid\u00e9rablement renforc\u00e9 ma confiance en moi. J&rsquo;ai pris conscience de ce qui me distingue et j&rsquo;ai pu me pr\u00e9senter avec assurance.<\/span><\/p>\n<h2><b>D\u00e9velopper une nouvelle vision<\/b><\/h2>\n<p><span style=\"font-weight: 400;\">Mon coach OTP m&rsquo;a motiv\u00e9 \u00e0 voir ma recherche d&#8217;emploi pour ainsi dire \u00ab d&rsquo;un \u0153il nouveau \u00bb. Gr\u00e2ce \u00e0 son exp\u00e9rience internationale (il \u00e9tait lui-m\u00eame expatri\u00e9), il a \u00e9t\u00e9 pour moi une source d&rsquo;inspiration et de soutien importante pour changer ma vision fig\u00e9e. Gr\u00e2ce \u00e0 lui, j&rsquo;ai rapidement compris que le march\u00e9 suisse de l&#8217;emploi ne devait pas \u00eatre pour moi la r\u00e9f\u00e9rence, mais que mon profil me permettrait m\u00eame d&rsquo;avoir de meilleures chances de succ\u00e8s sur le terrain international.<\/span><\/p>\n<h2><b>\u00ab Sticking to the plan \u00bb<\/b><\/h2>\n<p><span style=\"font-weight: 400;\">Gr\u00e2ce \u00e0 son aide et \u00e0 celle du r\u00e9seau international OTP de Career Partners International, j&rsquo;ai \u00e9t\u00e9 motiv\u00e9e et soutenue pour envisager des opportunit\u00e9s \u00e0 l&rsquo;\u00e9tranger. La d\u00e9finition des entreprises cibles et le respect constant de ma strat\u00e9gie (My plan) ont augment\u00e9 ma visibilit\u00e9 sur le march\u00e9 du travail et m&rsquo;ont finalement conduit \u00e0 une entreprise internationale \u00e0 Doha, au Qatar. Elle s&rsquo;est montr\u00e9e tr\u00e8s int\u00e9ress\u00e9e par mon profil et m&rsquo;a propos\u00e9, apr\u00e8s une phase de recrutement passionnante, mon poste actuel de vice-pr\u00e9sident Marketing et Communications. Six mois se sont \u00e9coul\u00e9s depuis lors.<\/span><\/p>\n<h2><b>Le r\u00e9sultat<\/b><\/h2>\n<p><span style=\"font-weight: 400;\">Mon nouveau poste m&rsquo;offre chaque jour des opportunit\u00e9s de m&rsquo;investir et de m&rsquo;\u00e9panouir professionnellement et humainement sur la sc\u00e8ne internationale. Je suis extr\u00eamement reconnaissante \u00e0 ma famille de m&rsquo;avoir soutenue et de m&rsquo;avoir donn\u00e9 le courage de sortir des sentiers battus.<\/span><\/p>\n<p><span style=\"font-weight: 400;\">Je suis extr\u00eamement reconnaissante \u00e0 l&rsquo;OTP et \u00e0 ses coll\u00e8gues de l&rsquo;IPC du Moyen-Orient pour leur engagement et leur soutien proactifs.<\/span><\/p>\n<p><span style=\"font-weight: 400;\">Si j&rsquo;avais &#8211; sans le soutien de l&rsquo;OTP &#8211; laiss\u00e9 ma recherche se concentrer sur la Suisse, je n&rsquo;aurais probablement jamais obtenu ce poste de r\u00eave. Inshallah ! \u00bb<\/span><\/p>\n<p><i><span style=\"font-weight: 400;\">Ce sujet vous int\u00e9resse ?<\/span><\/i> <a href=\"https:\/\/www.otp.ch\/fr\/contact\/\"><i><span style=\"font-weight: 400;\"><strong>N&rsquo;h\u00e9sitez pas \u00e0 nous appeler<\/strong> !<\/span><\/i><\/a><\/p>\n<div style='text-align:center' class='yasr-auto-insert-visitor'><\/div>","protected":false},"excerpt":{"rendered":"<p>Apr\u00e8s plus de dix ans d&rsquo;activit\u00e9 en tant que directeur marketing dans une entreprise mondiale de renom, le poste de notre coach\u00e9 a \u00e9t\u00e9 victime de restructurations. Le licenciement l&rsquo;a [&hellip;]<\/p>\n<p><a href=\"https:\/\/www.otp.ch\/fr\/outplacement-poste-de-mes-reves\/\" class=\"more-link style3-button\">Continuer \u00e0 lire<\/a><\/p>","protected":false},"author":14,"featured_media":10205,"comment_status":"closed","ping_status":"closed","sticky":false,"template":"","format":"standard","meta":{"yasr_overall_rating":4.9,"yasr_post_is_review":"","yasr_auto_insert_disabled":"","yasr_review_type":"","footnotes":""},"categories":[84,47],"tags":[],"class_list":["post-10209","post","type-post","status-publish","format-standard","has-post-thumbnail","hentry","category-erfahrungen-unserer-klienten-fr","category-outplacement"],"yasr_visitor_votes":{"stars_attributes":{"read_only":false,"span_bottom":false},"number_of_votes":0,"sum_votes":0},"_links":{"self":[{"href":"https:\/\/www.otp.ch\/fr\/wp-json\/wp\/v2\/posts\/10209","targetHints":{"allow":["GET"]}}],"collection":[{"href":"https:\/\/www.otp.ch\/fr\/wp-json\/wp\/v2\/posts"}],"about":[{"href":"https:\/\/www.otp.ch\/fr\/wp-json\/wp\/v2\/types\/post"}],"author":[{"embeddable":true,"href":"https:\/\/www.otp.ch\/fr\/wp-json\/wp\/v2\/users\/14"}],"replies":[{"embeddable":true,"href":"https:\/\/www.otp.ch\/fr\/wp-json\/wp\/v2\/comments?post=10209"}],"version-history":[{"count":0,"href":"https:\/\/www.otp.ch\/fr\/wp-json\/wp\/v2\/posts\/10209\/revisions"}],"wp:featuredmedia":[{"embeddable":true,"href":"https:\/\/www.otp.ch\/fr\/wp-json\/wp\/v2\/media\/10205"}],"wp:attachment":[{"href":"https:\/\/www.otp.ch\/fr\/wp-json\/wp\/v2\/media?parent=10209"}],"wp:term":[{"taxonomy":"category","embeddable":true,"href":"https:\/\/www.otp.ch\/fr\/wp-json\/wp\/v2\/categories?post=10209"},{"taxonomy":"post_tag","embeddable":true,"href":"https:\/\/www.otp.ch\/fr\/wp-json\/wp\/v2\/tags?post=10209"}],"curies":[{"name":"wp","href":"https:\/\/api.w.org\/{rel}","templated":true}]}}